{"id":22368,"date":"2025-09-04T16:22:32","date_gmt":"2025-09-04T16:22:32","guid":{"rendered":"https:\/\/sites2.dotoit.media\/carterbikes\/?p=22368"},"modified":"2026-09-04T14:22:33","modified_gmt":"2026-09-04T14:22:33","slug":"le-renouveau-de-la-mobilite-electrique-analyse-strategique-et-innovations","status":"publish","type":"post","link":"https:\/\/sites2.dotoit.media\/carterbikes\/le-renouveau-de-la-mobilite-electrique-analyse-strategique-et-innovations\/","title":{"rendered":"Le Renouveau de la Mobilit\u00e9 \u00c9lectrique : Analyse Strat\u00e9gique et Innovations"},"content":{"rendered":"<p>Alors que l&#8217;industrie automobile \u00e9volue \u00e0 une vitesse sans pr\u00e9c\u00e9dent, la transition vers l&#8217;\u00e9lectrique ne se limite plus \u00e0 une simple adoption technologique. Elle devient une v\u00e9ritable r\u00e9volution strat\u00e9gique, fa\u00e7onnant non seulement le march\u00e9, mais aussi la mani\u00e8re dont les constructeurs r\u00e9inventent leur identit\u00e9, leur positionnement et leur vision d&#8217;avenir. Dans ce contexte, l&#8217;analyse des acteurs innovants et leur r\u00f4le dans cette m\u00e9tamorphose s&#8217;av\u00e8re cruciale.<\/p>\n<h2>Les Enjeux Strat\u00e9giques de la Transition \u00c9lectrique<\/h2>\n<p>La menace environnementale croissante, combin\u00e9e aux r\u00e9glementations strictes et \u00e0 la demande croissante des consommateurs pour des v\u00e9hicules durables, pousse l&#8217;industrie vers une transformation profonde. Selon un rapport publi\u00e9 par l&#8217;<em>Agence Internationale de l&#8217;\u00c9nergie<\/em>, la part des v\u00e9hicules \u00e9lectriques (VE) dans les ventes mondiales a d\u00e9pass\u00e9 15 % en 2023, avec une croissance annuelle \u00e0 deux chiffres (plus de 25 %). La comp\u00e9tition s&#8217;intensifie, mais la v\u00e9ritable diff\u00e9rentiation r\u00e9side dans l&#8217;innovation, la qualit\u00e9 et la vision \u00e0 long terme.<\/p>\n<p>Une strat\u00e9gie coh\u00e9rente doit int\u00e9grer plusieurs dimensions :<\/p>\n<ul>\n<li>D\u00e9veloppement de technologies de batteries plus performantes et abordables.<\/li>\n<li>Int\u00e9gration d&#8217;un \u00e9cosyst\u00e8me num\u00e9rique pour une exp\u00e9rience client optimis\u00e9e.<\/li>\n<li>Engagement en faveur de la durabilit\u00e9 tout au long de la cha\u00eene de valeur.<\/li>\n<\/ul>\n<h2>Innovations et diff\u00e9renciateurs dans l&#8217;industrie \u00e9lectrique<\/h2>\n<p>Les avanc\u00e9es technologiques, telles que la r\u00e9duction du co\u00fbt des batteries lithium-ion, ont \u00e9t\u00e9 remarquables. Par exemple, le co\u00fbt de fabrication d&#8217;une batterie est pass\u00e9 d&#8217;environ 1 000 dollars par kilowattheure en 2010 \u00e0 environ 150 dollars aujourd&#8217;hui (<em>BloombergNEF<\/em>). Cette r\u00e9duction a permis de rendre les v\u00e9hicules \u00e9lectriques plus abordables, tout en maintenant une excellente autonomie.<\/p>\n<h3>Cas d&#8217;exemple : Polestar et la strat\u00e9gie de diff\u00e9renciation<\/h3>\n<p>Une entreprise qui se distingue dans cette nouvelle \u00e8re est Polestar, qui combine performance, design avanc\u00e9 et durabilit\u00e9. La marque su\u00e9doise, initialement affili\u00e9e \u00e0 Volvo, a rapidement \u00e9volu\u00e9 en un acteur autonome, avec une gamme de v\u00e9hicules \u00e9lectriques qui incarnent une vision futuriste et respectueuse de l\u2019environnement. Leur d\u00e9marche s\u2019appuie sur des innovations technologiques \u2014 notamment l\u2019int\u00e9gration de syst\u00e8mes d\u2019intelligence artificielle pour la gestion de l\u2019\u00e9nergie \u2014 tout en adoptant une approche \u00e9thique de la production.<\/p>\n<p>Pour en savoir plus sur leur offre et leur vision, il est utile de consulter leur site officiel : <a href=\"https:\/\/www.polestar-fr.fr\/\">https:\/\/polestar-fr.fr\/<\/a>. Ce site offre une vitrine compl\u00e8te sur la gamme, les innovations techniques et la philosophie durable de la marque.<\/p>\n<h2>Le R\u00f4le du Num\u00e9rique dans l\u2019\u00c9volution de la Mobilit\u00e9<\/h2>\n<p>Le num\u00e9rique joue un r\u00f4le pivot : logiciels embarqu\u00e9s, diagnostics \u00e0 distance, mises \u00e0 jour over-the-air, et interfaces utilisateur intuitives red\u00e9finissent le rapport entre le conducteur et son v\u00e9hicule. Selon un rapport de <em>Mckinsey &amp; Company<\/em>, la valeur g\u00e9n\u00e9r\u00e9e par la connectivit\u00e9 dans les voitures pourrait atteindre 350 milliards de dollars d\u2019ici 2030, en partie gr\u00e2ce \u00e0 la collecte et \u00e0 l\u2019analyse de donn\u00e9es en temps r\u00e9el.<\/p>\n<blockquote><p>&#8220;L\u2019int\u00e9gration num\u00e9rique permet non seulement d\u2019optimiser la performance, mais aussi d\u2019assurer un lien durable entre la marque et ses utilisateurs.&#8221;<\/p><\/blockquote>\n<h2>Conclusion : Vers une \u00c9co-\u00c9conomie de l\u2019Automobile<\/h2>\n<p>La transformation de l\u2019industrie automobile vers une mobilit\u00e9 plus verte a ainsi un double enjeu : technique et strat\u00e9gique. Capitaliser sur l&#8217;innovation technologique, tout en construisant une relation de confiance avec le consommateur, sera la cl\u00e9 pour sortir gagnant de cette transition. Des acteurs comme Polestar illustrent parfaitement cette dynamique, en proposant une vision int\u00e9gr\u00e9e alliant performance, design et responsabilit\u00e9.<\/p>\n<p>Pour approfondir cette vision strat\u00e9gique, la plateforme officielle de Polestar (<a href=\"https:\/\/polestar-fr.fr\/\">https:\/\/polestar-fr.fr\/<\/a>) constitue une r\u00e9f\u00e9rence cr\u00e9dible, \u00e0 la crois\u00e9e de l\u2019innovation technologique et de l\u2019engagement durable.<\/p>\n<h2>Tableau : \u00c9tat des Technologies de Batteries en 2023<\/h2>\n<table>\n<thead>\n<tr>\n<th>Crit\u00e8re<\/th>\n<th>\u00c9volution (2010-2023)<\/th>\n<th>Impact Strat\u00e9gique<\/th>\n<\/tr>\n<\/thead>\n<tbody>\n<tr>\n<td>Co\u00fbt par kWh<\/td>\n<td>1 000 $ \u2192 150 $<\/td>\n<td>Rendement accru, accessibilit\u00e9 am\u00e9lior\u00e9e<\/td>\n<\/tr>\n<tr>\n<td>Autonomie moyenne<\/td>\n<td>150 km \u2192 500 km<\/td>\n<td>Adoption \u00e9largie, r\u00e9duction de l&#8217;anxi\u00e9t\u00e9 li\u00e9e \u00e0 la batterie<\/td>\n<\/tr>\n<tr>\n<td>Dur\u00e9e de vie<\/td>\n<td>8-10 ans<\/td>\n<td>Moins de remplacement, meilleure durabilit\u00e9<\/td>\n<\/tr>\n<\/tbody>\n<\/table>\n<p class=\"highlight\">L\u2019innovation dans la technologie de batteries et le num\u00e9rique fa\u00e7onneront la nouvelle norme de la mobilit\u00e9 \u00e9lectrique, o\u00f9 la performance rime avec durabilit\u00e9 et exp\u00e9rience utilisateur.<\/p>\n","protected":false},"excerpt":{"rendered":"<p>Alors que l&#8217;industrie automobile \u00e9volue \u00e0 une vitesse sans pr\u00e9c\u00e9dent, la transition vers l&#8217;\u00e9lectrique ne se limite plus \u00e0 une simple adoption technologique. Elle devient une v\u00e9ritable r\u00e9volution strat\u00e9gique, fa\u00e7onnant non seulement le march\u00e9, mais aussi la mani\u00e8re dont les constructeurs r\u00e9inventent leur identit\u00e9, leur positionnement et leur vision d&#8217;avenir. Dans ce contexte, l&#8217;analyse des [&hellip;]<\/p>\n","protected":false},"author":1,"featured_media":0,"comment_status":"open","ping_status":"open","sticky":false,"template":"","format":"standard","meta":{"_acf_changed":false,"footnotes":""},"categories":[1],"tags":[],"class_list":["post-22368","post","type-post","status-publish","format-standard","hentry","category-blog"],"acf":[],"_links":{"self":[{"href":"https:\/\/sites2.dotoit.media\/carterbikes\/wp-json\/wp\/v2\/posts\/22368","targetHints":{"allow":["GET"]}}],"collection":[{"href":"https:\/\/sites2.dotoit.media\/carterbikes\/wp-json\/wp\/v2\/posts"}],"about":[{"href":"https:\/\/sites2.dotoit.media\/carterbikes\/wp-json\/wp\/v2\/types\/post"}],"author":[{"embeddable":true,"href":"https:\/\/sites2.dotoit.media\/carterbikes\/wp-json\/wp\/v2\/users\/1"}],"replies":[{"embeddable":true,"href":"https:\/\/sites2.dotoit.media\/carterbikes\/wp-json\/wp\/v2\/comments?post=22368"}],"version-history":[{"count":1,"href":"https:\/\/sites2.dotoit.media\/carterbikes\/wp-json\/wp\/v2\/posts\/22368\/revisions"}],"predecessor-version":[{"id":22369,"href":"https:\/\/sites2.dotoit.media\/carterbikes\/wp-json\/wp\/v2\/posts\/22368\/revisions\/22369"}],"wp:attachment":[{"href":"https:\/\/sites2.dotoit.media\/carterbikes\/wp-json\/wp\/v2\/media?parent=22368"}],"wp:term":[{"taxonomy":"category","embeddable":true,"href":"https:\/\/sites2.dotoit.media\/carterbikes\/wp-json\/wp\/v2\/categories?post=22368"},{"taxonomy":"post_tag","embeddable":true,"href":"https:\/\/sites2.dotoit.media\/carterbikes\/wp-json\/wp\/v2\/tags?post=22368"}],"curies":[{"name":"wp","href":"https:\/\/api.w.org\/{rel}","templated":true}]}}